{"id":1174,"date":"2026-04-29T08:00:00","date_gmt":"2026-04-29T06:00:00","guid":{"rendered":"https:\/\/egpebordeauxgironde.fr\/?p=1174"},"modified":"2026-04-27T17:28:28","modified_gmt":"2026-04-27T15:28:28","slug":"assemblee-generale-le-jeudi-21-mai","status":"publish","type":"post","link":"https:\/\/egpebordeauxgironde.fr\/?p=1174","title":{"rendered":"Assembl\u00e9e G\u00e9n\u00e9rale le jeudi 21 mai"},"content":{"rendered":"\n<p>Le bon fonctionnement d\u2019une association a ces moments obligatoires&nbsp;: il en est ainsi pour l\u2019assembl\u00e9e g\u00e9n\u00e9rale (AG) annuelle. Nous vous attendons pour cette AG afin de faire avec vous le bilan de l\u2019ann\u00e9e \u00e9coul\u00e9e et nous serons \u00e0 l\u2019\u00e9coute de vos envies et projets pour 2026-2027.<\/p>\n\n\n\n<p>Cette AG aura lieu \u00e0 l&rsquo;Ath\u00e9n\u00e9e Municipal Place St Christoly \u00e0 14h30 (Tram \u00ab&nbsp;H\u00f4tel de ville&nbsp;\u00bb).<\/p>\n\n\n\n<p><\/p>\n\n\n\n<p><\/p>\n","protected":false},"excerpt":{"rendered":"<p>Le bon fonctionnement d\u2019une association a ces moments obligatoires&nbsp;: il en est ainsi pour l\u2019assembl\u00e9e g\u00e9n\u00e9rale (AG) annuelle. Nous vous attendons pour cette AG afin&hellip;<\/p>\n","protected":false},"author":1,"featured_media":621,"comment_status":"closed","ping_status":"open","sticky":false,"template":"","format":"standard","meta":{"_jetpack_memberships_contains_paid_content":false,"footnotes":""},"categories":[40],"tags":[],"class_list":["post-1174","post","type-post","status-publish","format-standard","has-post-thumbnail","hentry","category-instances-egpe"],"yoast_head":"<!-- This site is optimized with the Yoast SEO plugin v27.5 - https:\/\/yoast.com\/product\/yoast-seo-wordpress\/ -->\n<title>Assembl\u00e9e G\u00e9n\u00e9rale le jeudi 21 mai - Ecole des Grands Parents Europ\u00e9ens<\/title>\n<meta name=\"robots\" content=\"index, follow, max-snippet:-1, max-image-preview:large, max-video-preview:-1\" \/>\n<link rel=\"canonical\" href=\"https:\/\/egpebordeauxgironde.fr\/?p=1174\" \/>\n<meta property=\"og:locale\" content=\"fr_FR\" \/>\n<meta property=\"og:type\" content=\"article\" \/>\n<meta property=\"og:title\" content=\"Assembl\u00e9e G\u00e9n\u00e9rale le jeudi 21 mai - Ecole des Grands Parents Europ\u00e9ens\" \/>\n<meta property=\"og:description\" content=\"Le bon fonctionnement d\u2019une association a ces moments obligatoires&nbsp;: il en est ainsi pour l\u2019assembl\u00e9e g\u00e9n\u00e9rale (AG) annuelle. Nous vous attendons pour cette AG afin&hellip;\" \/>\n<meta property=\"og:url\" content=\"https:\/\/egpebordeauxgironde.fr\/?p=1174\" \/>\n<meta property=\"og:site_name\" content=\"Ecole des Grands Parents Europ\u00e9ens\" \/>\n<meta property=\"article:published_time\" content=\"2026-04-29T06:00:00+00:00\" \/>\n<meta property=\"og:image\" content=\"https:\/\/egpebordeauxgironde.fr\/wp-content\/uploads\/2025\/04\/Assemblee-generale.jpg\" \/>\n\t<meta property=\"og:image:width\" content=\"765\" \/>\n\t<meta property=\"og:image:height\" content=\"454\" \/>\n\t<meta property=\"og:image:type\" content=\"image\/jpeg\" \/>\n<meta name=\"author\" content=\"admin4668\" \/>\n<meta name=\"twitter:card\" content=\"summary_large_image\" \/>\n<meta name=\"twitter:label1\" content=\"\u00c9crit par\" \/>\n\t<meta name=\"twitter:data1\" content=\"admin4668\" \/>\n\t<meta name=\"twitter:label2\" content=\"Dur\u00e9e de lecture estim\u00e9e\" \/>\n\t<meta name=\"twitter:data2\" content=\"1 minute\" \/>\n<script type=\"application\/ld+json\" class=\"yoast-schema-graph\">{\"@context\":\"https:\\\/\\\/schema.org\",\"@graph\":[{\"@type\":\"Article\",\"@id\":\"https:\\\/\\\/egpebordeauxgironde.fr\\\/?p=1174#article\",\"isPartOf\":{\"@id\":\"https:\\\/\\\/egpebordeauxgironde.fr\\\/?p=1174\"},\"author\":{\"name\":\"admin4668\",\"@id\":\"https:\\\/\\\/egpebordeauxgironde.fr\\\/#\\\/schema\\\/person\\\/af6aa9082564aaf7d201e0ae1ba32fdb\"},\"headline\":\"Assembl\u00e9e G\u00e9n\u00e9rale le jeudi 21 mai\",\"datePublished\":\"2026-04-29T06:00:00+00:00\",\"mainEntityOfPage\":{\"@id\":\"https:\\\/\\\/egpebordeauxgironde.fr\\\/?p=1174\"},\"wordCount\":83,\"publisher\":{\"@id\":\"https:\\\/\\\/egpebordeauxgironde.fr\\\/#organization\"},\"image\":{\"@id\":\"https:\\\/\\\/egpebordeauxgironde.fr\\\/?p=1174#primaryimage\"},\"thumbnailUrl\":\"https:\\\/\\\/egpebordeauxgironde.fr\\\/wp-content\\\/uploads\\\/2025\\\/04\\\/Assemblee-generale.jpg\",\"articleSection\":[\"Instances EGPE\"],\"inLanguage\":\"fr-FR\"},{\"@type\":\"WebPage\",\"@id\":\"https:\\\/\\\/egpebordeauxgironde.fr\\\/?p=1174\",\"url\":\"https:\\\/\\\/egpebordeauxgironde.fr\\\/?p=1174\",\"name\":\"Assembl\u00e9e G\u00e9n\u00e9rale le jeudi 21 mai - Ecole des Grands Parents Europ\u00e9ens\",\"isPartOf\":{\"@id\":\"https:\\\/\\\/egpebordeauxgironde.fr\\\/#website\"},\"primaryImageOfPage\":{\"@id\":\"https:\\\/\\\/egpebordeauxgironde.fr\\\/?p=1174#primaryimage\"},\"image\":{\"@id\":\"https:\\\/\\\/egpebordeauxgironde.fr\\\/?p=1174#primaryimage\"},\"thumbnailUrl\":\"https:\\\/\\\/egpebordeauxgironde.fr\\\/wp-content\\\/uploads\\\/2025\\\/04\\\/Assemblee-generale.jpg\",\"datePublished\":\"2026-04-29T06:00:00+00:00\",\"breadcrumb\":{\"@id\":\"https:\\\/\\\/egpebordeauxgironde.fr\\\/?p=1174#breadcrumb\"},\"inLanguage\":\"fr-FR\",\"potentialAction\":[{\"@type\":\"ReadAction\",\"target\":[\"https:\\\/\\\/egpebordeauxgironde.fr\\\/?p=1174\"]}]},{\"@type\":\"ImageObject\",\"inLanguage\":\"fr-FR\",\"@id\":\"https:\\\/\\\/egpebordeauxgironde.fr\\\/?p=1174#primaryimage\",\"url\":\"https:\\\/\\\/egpebordeauxgironde.fr\\\/wp-content\\\/uploads\\\/2025\\\/04\\\/Assemblee-generale.jpg\",\"contentUrl\":\"https:\\\/\\\/egpebordeauxgironde.fr\\\/wp-content\\\/uploads\\\/2025\\\/04\\\/Assemblee-generale.jpg\",\"width\":765,\"height\":454},{\"@type\":\"BreadcrumbList\",\"@id\":\"https:\\\/\\\/egpebordeauxgironde.fr\\\/?p=1174#breadcrumb\",\"itemListElement\":[{\"@type\":\"ListItem\",\"position\":1,\"name\":\"Accueil\",\"item\":\"https:\\\/\\\/egpebordeauxgironde.fr\\\/\"},{\"@type\":\"ListItem\",\"position\":2,\"name\":\"Assembl\u00e9e G\u00e9n\u00e9rale le jeudi 21 mai\"}]},{\"@type\":\"WebSite\",\"@id\":\"https:\\\/\\\/egpebordeauxgironde.fr\\\/#website\",\"url\":\"https:\\\/\\\/egpebordeauxgironde.fr\\\/\",\"name\":\"EGPE Bordeaux Gironde\",\"description\":\"EGPE Grands Parents Gironde Bordeaux conf\u00e9rences ev\u00e8nements visites petits-enfants\",\"publisher\":{\"@id\":\"https:\\\/\\\/egpebordeauxgironde.fr\\\/#organization\"},\"potentialAction\":[{\"@type\":\"SearchAction\",\"target\":{\"@type\":\"EntryPoint\",\"urlTemplate\":\"https:\\\/\\\/egpebordeauxgironde.fr\\\/?s={search_term_string}\"},\"query-input\":{\"@type\":\"PropertyValueSpecification\",\"valueRequired\":true,\"valueName\":\"search_term_string\"}}],\"inLanguage\":\"fr-FR\"},{\"@type\":\"Organization\",\"@id\":\"https:\\\/\\\/egpebordeauxgironde.fr\\\/#organization\",\"name\":\"Ecole des Grands Parents Europ\u00e9ens Bordeaux Gironde\",\"url\":\"https:\\\/\\\/egpebordeauxgironde.fr\\\/\",\"logo\":{\"@type\":\"ImageObject\",\"inLanguage\":\"fr-FR\",\"@id\":\"https:\\\/\\\/egpebordeauxgironde.fr\\\/#\\\/schema\\\/logo\\\/image\\\/\",\"url\":\"https:\\\/\\\/egpebordeauxgironde.fr\\\/wp-content\\\/uploads\\\/2025\\\/04\\\/cropped-cropped-Nouveau-Bandeau-jpg.jpg\",\"contentUrl\":\"https:\\\/\\\/egpebordeauxgironde.fr\\\/wp-content\\\/uploads\\\/2025\\\/04\\\/cropped-cropped-Nouveau-Bandeau-jpg.jpg\",\"width\":940,\"height\":194,\"caption\":\"Ecole des Grands Parents Europ\u00e9ens Bordeaux Gironde\"},\"image\":{\"@id\":\"https:\\\/\\\/egpebordeauxgironde.fr\\\/#\\\/schema\\\/logo\\\/image\\\/\"}},{\"@type\":\"Person\",\"@id\":\"https:\\\/\\\/egpebordeauxgironde.fr\\\/#\\\/schema\\\/person\\\/af6aa9082564aaf7d201e0ae1ba32fdb\",\"name\":\"admin4668\",\"image\":{\"@type\":\"ImageObject\",\"inLanguage\":\"fr-FR\",\"@id\":\"https:\\\/\\\/secure.gravatar.com\\\/avatar\\\/1f24eddd4c21bfc07bcff702dee57c8e2af79f8952c66bfd6a34fca8c1d15f61?s=96&d=mm&r=g\",\"url\":\"https:\\\/\\\/secure.gravatar.com\\\/avatar\\\/1f24eddd4c21bfc07bcff702dee57c8e2af79f8952c66bfd6a34fca8c1d15f61?s=96&d=mm&r=g\",\"contentUrl\":\"https:\\\/\\\/secure.gravatar.com\\\/avatar\\\/1f24eddd4c21bfc07bcff702dee57c8e2af79f8952c66bfd6a34fca8c1d15f61?s=96&d=mm&r=g\",\"caption\":\"admin4668\"},\"sameAs\":[\"http:\\\/\\\/egpebordeauxgironde.fr\"],\"url\":\"https:\\\/\\\/egpebordeauxgironde.fr\\\/?author=1\"}]}<\/script>\n<!-- \/ Yoast SEO plugin. -->","yoast_head_json":{"title":"Assembl\u00e9e G\u00e9n\u00e9rale le jeudi 21 mai - Ecole des Grands Parents Europ\u00e9ens","robots":{"index":"index","follow":"follow","max-snippet":"max-snippet:-1","max-image-preview":"max-image-preview:large","max-video-preview":"max-video-preview:-1"},"canonical":"https:\/\/egpebordeauxgironde.fr\/?p=1174","og_locale":"fr_FR","og_type":"article","og_title":"Assembl\u00e9e G\u00e9n\u00e9rale le jeudi 21 mai - Ecole des Grands Parents Europ\u00e9ens","og_description":"Le bon fonctionnement d\u2019une association a ces moments obligatoires&nbsp;: il en est ainsi pour l\u2019assembl\u00e9e g\u00e9n\u00e9rale (AG) annuelle. Nous vous attendons pour cette AG afin&hellip;","og_url":"https:\/\/egpebordeauxgironde.fr\/?p=1174","og_site_name":"Ecole des Grands Parents Europ\u00e9ens","article_published_time":"2026-04-29T06:00:00+00:00","og_image":[{"width":765,"height":454,"url":"https:\/\/egpebordeauxgironde.fr\/wp-content\/uploads\/2025\/04\/Assemblee-generale.jpg","type":"image\/jpeg"}],"author":"admin4668","twitter_card":"summary_large_image","twitter_misc":{"\u00c9crit par":"admin4668","Dur\u00e9e de lecture estim\u00e9e":"1 minute"},"schema":{"@context":"https:\/\/schema.org","@graph":[{"@type":"Article","@id":"https:\/\/egpebordeauxgironde.fr\/?p=1174#article","isPartOf":{"@id":"https:\/\/egpebordeauxgironde.fr\/?p=1174"},"author":{"name":"admin4668","@id":"https:\/\/egpebordeauxgironde.fr\/#\/schema\/person\/af6aa9082564aaf7d201e0ae1ba32fdb"},"headline":"Assembl\u00e9e G\u00e9n\u00e9rale le jeudi 21 mai","datePublished":"2026-04-29T06:00:00+00:00","mainEntityOfPage":{"@id":"https:\/\/egpebordeauxgironde.fr\/?p=1174"},"wordCount":83,"publisher":{"@id":"https:\/\/egpebordeauxgironde.fr\/#organization"},"image":{"@id":"https:\/\/egpebordeauxgironde.fr\/?p=1174#primaryimage"},"thumbnailUrl":"https:\/\/egpebordeauxgironde.fr\/wp-content\/uploads\/2025\/04\/Assemblee-generale.jpg","articleSection":["Instances EGPE"],"inLanguage":"fr-FR"},{"@type":"WebPage","@id":"https:\/\/egpebordeauxgironde.fr\/?p=1174","url":"https:\/\/egpebordeauxgironde.fr\/?p=1174","name":"Assembl\u00e9e G\u00e9n\u00e9rale le jeudi 21 mai - Ecole des Grands Parents Europ\u00e9ens","isPartOf":{"@id":"https:\/\/egpebordeauxgironde.fr\/#website"},"primaryImageOfPage":{"@id":"https:\/\/egpebordeauxgironde.fr\/?p=1174#primaryimage"},"image":{"@id":"https:\/\/egpebordeauxgironde.fr\/?p=1174#primaryimage"},"thumbnailUrl":"https:\/\/egpebordeauxgironde.fr\/wp-content\/uploads\/2025\/04\/Assemblee-generale.jpg","datePublished":"2026-04-29T06:00:00+00:00","breadcrumb":{"@id":"https:\/\/egpebordeauxgironde.fr\/?p=1174#breadcrumb"},"inLanguage":"fr-FR","potentialAction":[{"@type":"ReadAction","target":["https:\/\/egpebordeauxgironde.fr\/?p=1174"]}]},{"@type":"ImageObject","inLanguage":"fr-FR","@id":"https:\/\/egpebordeauxgironde.fr\/?p=1174#primaryimage","url":"https:\/\/egpebordeauxgironde.fr\/wp-content\/uploads\/2025\/04\/Assemblee-generale.jpg","contentUrl":"https:\/\/egpebordeauxgironde.fr\/wp-content\/uploads\/2025\/04\/Assemblee-generale.jpg","width":765,"height":454},{"@type":"BreadcrumbList","@id":"https:\/\/egpebordeauxgironde.fr\/?p=1174#breadcrumb","itemListElement":[{"@type":"ListItem","position":1,"name":"Accueil","item":"https:\/\/egpebordeauxgironde.fr\/"},{"@type":"ListItem","position":2,"name":"Assembl\u00e9e G\u00e9n\u00e9rale le jeudi 21 mai"}]},{"@type":"WebSite","@id":"https:\/\/egpebordeauxgironde.fr\/#website","url":"https:\/\/egpebordeauxgironde.fr\/","name":"EGPE Bordeaux Gironde","description":"EGPE Grands Parents Gironde Bordeaux conf\u00e9rences ev\u00e8nements visites petits-enfants","publisher":{"@id":"https:\/\/egpebordeauxgironde.fr\/#organization"},"potentialAction":[{"@type":"SearchAction","target":{"@type":"EntryPoint","urlTemplate":"https:\/\/egpebordeauxgironde.fr\/?s={search_term_string}"},"query-input":{"@type":"PropertyValueSpecification","valueRequired":true,"valueName":"search_term_string"}}],"inLanguage":"fr-FR"},{"@type":"Organization","@id":"https:\/\/egpebordeauxgironde.fr\/#organization","name":"Ecole des Grands Parents Europ\u00e9ens Bordeaux Gironde","url":"https:\/\/egpebordeauxgironde.fr\/","logo":{"@type":"ImageObject","inLanguage":"fr-FR","@id":"https:\/\/egpebordeauxgironde.fr\/#\/schema\/logo\/image\/","url":"https:\/\/egpebordeauxgironde.fr\/wp-content\/uploads\/2025\/04\/cropped-cropped-Nouveau-Bandeau-jpg.jpg","contentUrl":"https:\/\/egpebordeauxgironde.fr\/wp-content\/uploads\/2025\/04\/cropped-cropped-Nouveau-Bandeau-jpg.jpg","width":940,"height":194,"caption":"Ecole des Grands Parents Europ\u00e9ens Bordeaux Gironde"},"image":{"@id":"https:\/\/egpebordeauxgironde.fr\/#\/schema\/logo\/image\/"}},{"@type":"Person","@id":"https:\/\/egpebordeauxgironde.fr\/#\/schema\/person\/af6aa9082564aaf7d201e0ae1ba32fdb","name":"admin4668","image":{"@type":"ImageObject","inLanguage":"fr-FR","@id":"https:\/\/secure.gravatar.com\/avatar\/1f24eddd4c21bfc07bcff702dee57c8e2af79f8952c66bfd6a34fca8c1d15f61?s=96&d=mm&r=g","url":"https:\/\/secure.gravatar.com\/avatar\/1f24eddd4c21bfc07bcff702dee57c8e2af79f8952c66bfd6a34fca8c1d15f61?s=96&d=mm&r=g","contentUrl":"https:\/\/secure.gravatar.com\/avatar\/1f24eddd4c21bfc07bcff702dee57c8e2af79f8952c66bfd6a34fca8c1d15f61?s=96&d=mm&r=g","caption":"admin4668"},"sameAs":["http:\/\/egpebordeauxgironde.fr"],"url":"https:\/\/egpebordeauxgironde.fr\/?author=1"}]}},"jetpack_featured_media_url":"https:\/\/egpebordeauxgironde.fr\/wp-content\/uploads\/2025\/04\/Assemblee-generale.jpg","jetpack_sharing_enabled":true,"_links":{"self":[{"href":"https:\/\/egpebordeauxgironde.fr\/index.php?rest_route=\/wp\/v2\/posts\/1174","targetHints":{"allow":["GET"]}}],"collection":[{"href":"https:\/\/egpebordeauxgironde.fr\/index.php?rest_route=\/wp\/v2\/posts"}],"about":[{"href":"https:\/\/egpebordeauxgironde.fr\/index.php?rest_route=\/wp\/v2\/types\/post"}],"author":[{"embeddable":true,"href":"https:\/\/egpebordeauxgironde.fr\/index.php?rest_route=\/wp\/v2\/users\/1"}],"replies":[{"embeddable":true,"href":"https:\/\/egpebordeauxgironde.fr\/index.php?rest_route=%2Fwp%2Fv2%2Fcomments&post=1174"}],"version-history":[{"count":1,"href":"https:\/\/egpebordeauxgironde.fr\/index.php?rest_route=\/wp\/v2\/posts\/1174\/revisions"}],"predecessor-version":[{"id":1175,"href":"https:\/\/egpebordeauxgironde.fr\/index.php?rest_route=\/wp\/v2\/posts\/1174\/revisions\/1175"}],"wp:featuredmedia":[{"embeddable":true,"href":"https:\/\/egpebordeauxgironde.fr\/index.php?rest_route=\/wp\/v2\/media\/621"}],"wp:attachment":[{"href":"https:\/\/egpebordeauxgironde.fr\/index.php?rest_route=%2Fwp%2Fv2%2Fmedia&parent=1174"}],"wp:term":[{"taxonomy":"category","embeddable":true,"href":"https:\/\/egpebordeauxgironde.fr\/index.php?rest_route=%2Fwp%2Fv2%2Fcategories&post=1174"},{"taxonomy":"post_tag","embeddable":true,"href":"https:\/\/egpebordeauxgironde.fr\/index.php?rest_route=%2Fwp%2Fv2%2Ftags&post=1174"}],"curies":[{"name":"wp","href":"https:\/\/api.w.org\/{rel}","templated":true}]}}